{"id":1931,"date":"2018-11-28T14:04:50","date_gmt":"2018-11-28T14:04:50","guid":{"rendered":"https:\/\/www.design-plus.be\/le-26-novembre-2018-design-plus-vient-de-signer-un-nouveau-projet-avec-l-adeb\/"},"modified":"2022-05-30T09:18:14","modified_gmt":"2022-05-30T09:18:14","slug":"signature-de-project-avec-adeb","status":"publish","type":"post","link":"https:\/\/www.d-plus.be\/fr\/signature-de-project-avec-adeb\/","title":{"rendered":"Signature de project avec ADEB"},"content":{"rendered":"","protected":false},"excerpt":{"rendered":"<p>Le 26 novembre dernier, DesignPlus a sign\u00e9 un nouveau projet avec l\u2019ADEB. L\u2019 ADEB est le repr\u00e9sentant et le porte-parole des grandes entreprises de construction en Belgique. L&rsquo;ADEB fait partie de la Conf\u00e9d\u00e9ration Construction. <\/p>\n","protected":false},"author":1,"featured_media":1927,"comment_status":"closed","ping_status":"closed","sticky":false,"template":"","format":"standard","meta":{"_acf_changed":false,"_seopress_robots_primary_cat":"","_seopress_titles_title":"","_seopress_titles_desc":"","_seopress_robots_index":"","_et_pb_use_builder":"","_et_pb_old_content":"","_et_gb_content_width":"","footnotes":""},"categories":[887],"tags":[],"class_list":["post-1931","post","type-post","status-publish","format-standard","has-post-thumbnail","hentry","category-news"],"acf":[],"rttpg_featured_image_url":{"full":["https:\/\/www.d-plus.be\/wp-content\/uploads\/2018\/11\/ADEB-LOGO-FULL-COLOR-285x170-2-1-1.png",285,170,false],"landscape":["https:\/\/www.d-plus.be\/wp-content\/uploads\/2018\/11\/ADEB-LOGO-FULL-COLOR-285x170-2-1-1.png",285,170,false],"portraits":["https:\/\/www.d-plus.be\/wp-content\/uploads\/2018\/11\/ADEB-LOGO-FULL-COLOR-285x170-2-1-1.png",285,170,false],"thumbnail":["https:\/\/www.d-plus.be\/wp-content\/uploads\/2018\/11\/ADEB-LOGO-FULL-COLOR-285x170-2-1-1-150x150.png",96,96,true],"medium":["https:\/\/www.d-plus.be\/wp-content\/uploads\/2018\/11\/ADEB-LOGO-FULL-COLOR-285x170-2-1-1.png",285,170,false],"large":["https:\/\/www.d-plus.be\/wp-content\/uploads\/2018\/11\/ADEB-LOGO-FULL-COLOR-285x170-2-1-1.png",285,170,false],"1536x1536":["https:\/\/www.d-plus.be\/wp-content\/uploads\/2018\/11\/ADEB-LOGO-FULL-COLOR-285x170-2-1-1.png",285,170,false],"2048x2048":["https:\/\/www.d-plus.be\/wp-content\/uploads\/2018\/11\/ADEB-LOGO-FULL-COLOR-285x170-2-1-1.png",285,170,false],"et-pb-post-main-image":["https:\/\/www.d-plus.be\/wp-content\/uploads\/2018\/11\/ADEB-LOGO-FULL-COLOR-285x170-2-1-1.png",285,170,false],"et-pb-post-main-image-fullwidth":["https:\/\/www.d-plus.be\/wp-content\/uploads\/2018\/11\/ADEB-LOGO-FULL-COLOR-285x170-2-1-1.png",285,170,false],"et-pb-portfolio-image":["https:\/\/www.d-plus.be\/wp-content\/uploads\/2018\/11\/ADEB-LOGO-FULL-COLOR-285x170-2-1-1.png",285,170,false],"et-pb-portfolio-module-image":["https:\/\/www.d-plus.be\/wp-content\/uploads\/2018\/11\/ADEB-LOGO-FULL-COLOR-285x170-2-1-1.png",285,170,false],"et-pb-portfolio-image-single":["https:\/\/www.d-plus.be\/wp-content\/uploads\/2018\/11\/ADEB-LOGO-FULL-COLOR-285x170-2-1-1.png",285,170,false],"et-pb-gallery-module-image-portrait":["https:\/\/www.d-plus.be\/wp-content\/uploads\/2018\/11\/ADEB-LOGO-FULL-COLOR-285x170-2-1-1.png",285,170,false],"et-pb-post-main-image-fullwidth-large":["https:\/\/www.d-plus.be\/wp-content\/uploads\/2018\/11\/ADEB-LOGO-FULL-COLOR-285x170-2-1-1.png",285,170,false],"et-pb-image--responsive--desktop":["https:\/\/www.d-plus.be\/wp-content\/uploads\/2018\/11\/ADEB-LOGO-FULL-COLOR-285x170-2-1-1.png",285,170,false],"et-pb-image--responsive--tablet":["https:\/\/www.d-plus.be\/wp-content\/uploads\/2018\/11\/ADEB-LOGO-FULL-COLOR-285x170-2-1-1.png",285,170,false],"et-pb-image--responsive--phone":["https:\/\/www.d-plus.be\/wp-content\/uploads\/2018\/11\/ADEB-LOGO-FULL-COLOR-285x170-2-1-1.png",285,170,false]},"rttpg_author":{"display_name":"Victoria","author_link":"https:\/\/www.d-plus.be\/fr\/author\/victoria\/"},"rttpg_comment":0,"rttpg_category":"<a href=\"https:\/\/www.d-plus.be\/fr\/category\/news\/\" rel=\"category tag\">News<\/a>","rttpg_excerpt":"Le 26 novembre dernier, DesignPlus a sign\u00e9 un nouveau projet avec l\u2019ADEB. L\u2019 ADEB est le repr\u00e9sentant et le porte-parole des grandes entreprises de construction en Belgique. L'ADEB fait partie de la Conf\u00e9d\u00e9ration Construction.","_links":{"self":[{"href":"https:\/\/www.d-plus.be\/fr\/wp-json\/wp\/v2\/posts\/1931","targetHints":{"allow":["GET"]}}],"collection":[{"href":"https:\/\/www.d-plus.be\/fr\/wp-json\/wp\/v2\/posts"}],"about":[{"href":"https:\/\/www.d-plus.be\/fr\/wp-json\/wp\/v2\/types\/post"}],"author":[{"embeddable":true,"href":"https:\/\/www.d-plus.be\/fr\/wp-json\/wp\/v2\/users\/1"}],"replies":[{"embeddable":true,"href":"https:\/\/www.d-plus.be\/fr\/wp-json\/wp\/v2\/comments?post=1931"}],"version-history":[{"count":0,"href":"https:\/\/www.d-plus.be\/fr\/wp-json\/wp\/v2\/posts\/1931\/revisions"}],"wp:featuredmedia":[{"embeddable":true,"href":"https:\/\/www.d-plus.be\/fr\/wp-json\/wp\/v2\/media\/1927"}],"wp:attachment":[{"href":"https:\/\/www.d-plus.be\/fr\/wp-json\/wp\/v2\/media?parent=1931"}],"wp:term":[{"taxonomy":"category","embeddable":true,"href":"https:\/\/www.d-plus.be\/fr\/wp-json\/wp\/v2\/categories?post=1931"},{"taxonomy":"post_tag","embeddable":true,"href":"https:\/\/www.d-plus.be\/fr\/wp-json\/wp\/v2\/tags?post=1931"}],"curies":[{"name":"wp","href":"https:\/\/api.w.org\/{rel}","templated":true}]}}