{"id":2375,"date":"2019-05-15T14:53:52","date_gmt":"2019-05-15T14:53:52","guid":{"rendered":"https:\/\/www.design-plus.be\/?p=2375"},"modified":"2022-05-30T09:18:24","modified_gmt":"2022-05-30T09:18:24","slug":"werner-mertz","status":"publish","type":"post","link":"https:\/\/www.d-plus.be\/fr\/werner-mertz\/","title":{"rendered":"Werner &#038; Mertz"},"content":{"rendered":"","protected":false},"excerpt":{"rendered":"<p>Werner &#038; Mertz a choisi Design Plus pour le Design &#038; Build de ses nouveaux bureaux situ\u00e9s dans le Nivaxis Parc \u00e0 Nivelles et bas\u00e9s sur le concept \u00ab Bureau Connect\u00e9 \u00e0 Environnement Propre \u00bb.  La mission comprend \u00e9galement l\u2019\u00e9tude approfondie en \u00ab Change Management \u00bb ainsi que l\u2019assistance \u00e0 la recherche immobili\u00e8re de la nouvelle implantation.<\/p>\n","protected":false},"author":1,"featured_media":2380,"comment_status":"closed","ping_status":"closed","sticky":false,"template":"","format":"standard","meta":{"_acf_changed":false,"_seopress_robots_primary_cat":"","_seopress_titles_title":"","_seopress_titles_desc":"","_seopress_robots_index":"","_et_pb_use_builder":"","_et_pb_old_content":"","_et_gb_content_width":"","footnotes":""},"categories":[887],"tags":[],"class_list":["post-2375","post","type-post","status-publish","format-standard","has-post-thumbnail","hentry","category-news"],"acf":[],"rttpg_featured_image_url":{"full":["https:\/\/www.d-plus.be\/wp-content\/uploads\/2019\/05\/Werner_Mertz_Logo.jpg",319,260,false],"landscape":["https:\/\/www.d-plus.be\/wp-content\/uploads\/2019\/05\/Werner_Mertz_Logo.jpg",319,260,false],"portraits":["https:\/\/www.d-plus.be\/wp-content\/uploads\/2019\/05\/Werner_Mertz_Logo.jpg",319,260,false],"thumbnail":["https:\/\/www.d-plus.be\/wp-content\/uploads\/2019\/05\/Werner_Mertz_Logo-150x150.jpg",96,96,true],"medium":["https:\/\/www.d-plus.be\/wp-content\/uploads\/2019\/05\/Werner_Mertz_Logo-300x245.jpg",300,245,true],"large":["https:\/\/www.d-plus.be\/wp-content\/uploads\/2019\/05\/Werner_Mertz_Logo.jpg",319,260,false],"1536x1536":["https:\/\/www.d-plus.be\/wp-content\/uploads\/2019\/05\/Werner_Mertz_Logo.jpg",319,260,false],"2048x2048":["https:\/\/www.d-plus.be\/wp-content\/uploads\/2019\/05\/Werner_Mertz_Logo.jpg",319,260,false],"et-pb-post-main-image":["https:\/\/www.d-plus.be\/wp-content\/uploads\/2019\/05\/Werner_Mertz_Logo.jpg",307,250,false],"et-pb-post-main-image-fullwidth":["https:\/\/www.d-plus.be\/wp-content\/uploads\/2019\/05\/Werner_Mertz_Logo.jpg",319,260,false],"et-pb-portfolio-image":["https:\/\/www.d-plus.be\/wp-content\/uploads\/2019\/05\/Werner_Mertz_Logo.jpg",319,260,false],"et-pb-portfolio-module-image":["https:\/\/www.d-plus.be\/wp-content\/uploads\/2019\/05\/Werner_Mertz_Logo.jpg",319,260,false],"et-pb-portfolio-image-single":["https:\/\/www.d-plus.be\/wp-content\/uploads\/2019\/05\/Werner_Mertz_Logo.jpg",319,260,false],"et-pb-gallery-module-image-portrait":["https:\/\/www.d-plus.be\/wp-content\/uploads\/2019\/05\/Werner_Mertz_Logo.jpg",319,260,false],"et-pb-post-main-image-fullwidth-large":["https:\/\/www.d-plus.be\/wp-content\/uploads\/2019\/05\/Werner_Mertz_Logo.jpg",319,260,false],"et-pb-image--responsive--desktop":["https:\/\/www.d-plus.be\/wp-content\/uploads\/2019\/05\/Werner_Mertz_Logo.jpg",319,260,false],"et-pb-image--responsive--tablet":["https:\/\/www.d-plus.be\/wp-content\/uploads\/2019\/05\/Werner_Mertz_Logo.jpg",319,260,false],"et-pb-image--responsive--phone":["https:\/\/www.d-plus.be\/wp-content\/uploads\/2019\/05\/Werner_Mertz_Logo.jpg",319,260,false]},"rttpg_author":{"display_name":"Victoria","author_link":"https:\/\/www.d-plus.be\/fr\/author\/victoria\/"},"rttpg_comment":0,"rttpg_category":"<a href=\"https:\/\/www.d-plus.be\/fr\/category\/news\/\" rel=\"category tag\">News<\/a>","rttpg_excerpt":"Werner & Mertz a choisi Design Plus pour le Design & Build de ses nouveaux bureaux situ\u00e9s dans le Nivaxis Parc \u00e0 Nivelles et bas\u00e9s sur le concept \u00ab Bureau Connect\u00e9 \u00e0 Environnement Propre \u00bb. La mission comprend \u00e9galement l\u2019\u00e9tude approfondie en \u00ab Change Management \u00bb ainsi que l\u2019assistance \u00e0 la recherche immobili\u00e8re de la\u2026","_links":{"self":[{"href":"https:\/\/www.d-plus.be\/fr\/wp-json\/wp\/v2\/posts\/2375","targetHints":{"allow":["GET"]}}],"collection":[{"href":"https:\/\/www.d-plus.be\/fr\/wp-json\/wp\/v2\/posts"}],"about":[{"href":"https:\/\/www.d-plus.be\/fr\/wp-json\/wp\/v2\/types\/post"}],"author":[{"embeddable":true,"href":"https:\/\/www.d-plus.be\/fr\/wp-json\/wp\/v2\/users\/1"}],"replies":[{"embeddable":true,"href":"https:\/\/www.d-plus.be\/fr\/wp-json\/wp\/v2\/comments?post=2375"}],"version-history":[{"count":0,"href":"https:\/\/www.d-plus.be\/fr\/wp-json\/wp\/v2\/posts\/2375\/revisions"}],"wp:featuredmedia":[{"embeddable":true,"href":"https:\/\/www.d-plus.be\/fr\/wp-json\/wp\/v2\/media\/2380"}],"wp:attachment":[{"href":"https:\/\/www.d-plus.be\/fr\/wp-json\/wp\/v2\/media?parent=2375"}],"wp:term":[{"taxonomy":"category","embeddable":true,"href":"https:\/\/www.d-plus.be\/fr\/wp-json\/wp\/v2\/categories?post=2375"},{"taxonomy":"post_tag","embeddable":true,"href":"https:\/\/www.d-plus.be\/fr\/wp-json\/wp\/v2\/tags?post=2375"}],"curies":[{"name":"wp","href":"https:\/\/api.w.org\/{rel}","templated":true}]}}