{"id":4414,"date":"2020-07-01T20:29:35","date_gmt":"2020-07-01T20:29:35","guid":{"rendered":"https:\/\/www.design-plus.be\/?p=4414"},"modified":"2022-05-30T09:19:10","modified_gmt":"2022-05-30T09:19:10","slug":"debelux-renove-et-actualise-ses-bureaux-avec-design-plus-dans-la-tour-manhattan-a-rogier","status":"publish","type":"post","link":"https:\/\/www.d-plus.be\/fr\/debelux-renove-et-actualise-ses-bureaux-avec-design-plus-dans-la-tour-manhattan-a-rogier\/","title":{"rendered":"Debelux r\u00e9nove et actualise ses bureaux avec Design Plus dans la Tour MANHATTAN \u00e0 ROGIER"},"content":{"rendered":"","protected":false},"excerpt":{"rendered":"<p>Apr\u00e8s un d\u00e9g\u00e2t des eaux importants, la Chambre de Commerce belgo-luxembourgeoise-allemande avait besoin d\u2019une remise \u00e0 neuf de ses espaces de travail situ\u00e9s dans la tour Manhattan, en plein c\u0153ur de Bruxelles.<br \/>\nAvec Design Plus, l\u2019\u00e9quipe a saisi l\u2019occasion pour moderniser les \u00e9quipements, ajuster certains am\u00e9nagements techniques et apporter quelques touches contemporaines au design sobre et classique, conforme \u00e0 l\u2019identit\u00e9 de Debelux. Fin des travaux et d\u00e9couverte de ces nouveaux espaces par les \u00e9quipes, install\u00e9es \u00e0 quelques pas de l\u00e0 provisoirement, \u00e0 la rentr\u00e9e 2020.<\/p>\n","protected":false},"author":1,"featured_media":4415,"comment_status":"closed","ping_status":"closed","sticky":false,"template":"","format":"standard","meta":{"_acf_changed":false,"_seopress_robots_primary_cat":"","_seopress_titles_title":"","_seopress_titles_desc":"","_seopress_robots_index":"","_et_pb_use_builder":"","_et_pb_old_content":"","_et_gb_content_width":"","footnotes":""},"categories":[887],"tags":[],"class_list":["post-4414","post","type-post","status-publish","format-standard","has-post-thumbnail","hentry","category-news"],"acf":[],"rttpg_featured_image_url":{"full":["https:\/\/www.d-plus.be\/wp-content\/uploads\/2020\/07\/debelux.jpg",600,403,false],"landscape":["https:\/\/www.d-plus.be\/wp-content\/uploads\/2020\/07\/debelux.jpg",600,403,false],"portraits":["https:\/\/www.d-plus.be\/wp-content\/uploads\/2020\/07\/debelux.jpg",600,403,false],"thumbnail":["https:\/\/www.d-plus.be\/wp-content\/uploads\/2020\/07\/debelux-150x150.jpg",96,96,true],"medium":["https:\/\/www.d-plus.be\/wp-content\/uploads\/2020\/07\/debelux-300x202.jpg",300,202,true],"large":["https:\/\/www.d-plus.be\/wp-content\/uploads\/2020\/07\/debelux.jpg",600,403,false],"1536x1536":["https:\/\/www.d-plus.be\/wp-content\/uploads\/2020\/07\/debelux.jpg",600,403,false],"2048x2048":["https:\/\/www.d-plus.be\/wp-content\/uploads\/2020\/07\/debelux.jpg",600,403,false],"et-pb-post-main-image":["https:\/\/www.d-plus.be\/wp-content\/uploads\/2020\/07\/debelux.jpg",372,250,false],"et-pb-post-main-image-fullwidth":["https:\/\/www.d-plus.be\/wp-content\/uploads\/2020\/07\/debelux.jpg",600,403,false],"et-pb-portfolio-image":["https:\/\/www.d-plus.be\/wp-content\/uploads\/2020\/07\/debelux.jpg",400,269,false],"et-pb-portfolio-module-image":["https:\/\/www.d-plus.be\/wp-content\/uploads\/2020\/07\/debelux.jpg",510,343,false],"et-pb-portfolio-image-single":["https:\/\/www.d-plus.be\/wp-content\/uploads\/2020\/07\/debelux.jpg",600,403,false],"et-pb-gallery-module-image-portrait":["https:\/\/www.d-plus.be\/wp-content\/uploads\/2020\/07\/debelux.jpg",400,269,false],"et-pb-post-main-image-fullwidth-large":["https:\/\/www.d-plus.be\/wp-content\/uploads\/2020\/07\/debelux.jpg",600,403,false],"et-pb-image--responsive--desktop":["https:\/\/www.d-plus.be\/wp-content\/uploads\/2020\/07\/debelux.jpg",600,403,false],"et-pb-image--responsive--tablet":["https:\/\/www.d-plus.be\/wp-content\/uploads\/2020\/07\/debelux.jpg",600,403,false],"et-pb-image--responsive--phone":["https:\/\/www.d-plus.be\/wp-content\/uploads\/2020\/07\/debelux.jpg",402,270,false]},"rttpg_author":{"display_name":"Victoria","author_link":"https:\/\/www.d-plus.be\/fr\/author\/victoria\/"},"rttpg_comment":0,"rttpg_category":"<a href=\"https:\/\/www.d-plus.be\/fr\/category\/news\/\" rel=\"category tag\">News<\/a>","rttpg_excerpt":"Apr\u00e8s un d\u00e9g\u00e2t des eaux importants, la Chambre de Commerce belgo-luxembourgeoise-allemande avait besoin d\u2019une remise \u00e0 neuf de ses espaces de travail situ\u00e9s dans la tour Manhattan, en plein c\u0153ur de Bruxelles. Avec Design Plus, l\u2019\u00e9quipe a saisi l\u2019occasion pour moderniser les \u00e9quipements, ajuster certains am\u00e9nagements techniques et apporter quelques touches contemporaines au design sobre\u2026","_links":{"self":[{"href":"https:\/\/www.d-plus.be\/fr\/wp-json\/wp\/v2\/posts\/4414","targetHints":{"allow":["GET"]}}],"collection":[{"href":"https:\/\/www.d-plus.be\/fr\/wp-json\/wp\/v2\/posts"}],"about":[{"href":"https:\/\/www.d-plus.be\/fr\/wp-json\/wp\/v2\/types\/post"}],"author":[{"embeddable":true,"href":"https:\/\/www.d-plus.be\/fr\/wp-json\/wp\/v2\/users\/1"}],"replies":[{"embeddable":true,"href":"https:\/\/www.d-plus.be\/fr\/wp-json\/wp\/v2\/comments?post=4414"}],"version-history":[{"count":0,"href":"https:\/\/www.d-plus.be\/fr\/wp-json\/wp\/v2\/posts\/4414\/revisions"}],"wp:featuredmedia":[{"embeddable":true,"href":"https:\/\/www.d-plus.be\/fr\/wp-json\/wp\/v2\/media\/4415"}],"wp:attachment":[{"href":"https:\/\/www.d-plus.be\/fr\/wp-json\/wp\/v2\/media?parent=4414"}],"wp:term":[{"taxonomy":"category","embeddable":true,"href":"https:\/\/www.d-plus.be\/fr\/wp-json\/wp\/v2\/categories?post=4414"},{"taxonomy":"post_tag","embeddable":true,"href":"https:\/\/www.d-plus.be\/fr\/wp-json\/wp\/v2\/tags?post=4414"}],"curies":[{"name":"wp","href":"https:\/\/api.w.org\/{rel}","templated":true}]}}