{"id":4715,"date":"2021-01-08T08:55:04","date_gmt":"2021-01-08T08:55:04","guid":{"rendered":"https:\/\/www.design-plus.be\/?p=4715"},"modified":"2022-05-30T07:42:53","modified_gmt":"2022-05-30T07:42:53","slug":"design-plus-renforce-son-equipe-avec-enzo-d-errico","status":"publish","type":"post","link":"https:\/\/www.d-plus.be\/fr\/design-plus-renforce-son-equipe-avec-enzo-d-errico\/","title":{"rendered":"D+ renforce son \u00e9quipe avec Enzo d&rsquo;Errico"},"content":{"rendered":"","protected":false},"excerpt":{"rendered":"<p>Design Plus sp\u00e9cialis\u00e9e en Design &#038; Build renforce son \u00e9quipe avec l\u2019arriv\u00e9e d\u2019un nouveau collaborateur Enzo d&rsquo;Errico, architecte d\u2019int\u00e9rieur\/ Project Manager.<br \/>\nNous nous r\u00e9jouissons de cette nouvelle collaboration.<\/p>\n","protected":false},"author":1,"featured_media":5044,"comment_status":"closed","ping_status":"closed","sticky":false,"template":"","format":"standard","meta":{"_acf_changed":false,"_seopress_robots_primary_cat":"","_seopress_titles_title":"","_seopress_titles_desc":"","_seopress_robots_index":"","_et_pb_use_builder":"","_et_pb_old_content":"","_et_gb_content_width":"","footnotes":""},"categories":[890],"tags":[],"class_list":["post-4715","post","type-post","status-publish","format-standard","has-post-thumbnail","hentry","category-annonces"],"acf":[],"rttpg_featured_image_url":{"full":["https:\/\/www.d-plus.be\/wp-content\/uploads\/2021\/01\/enzo-news.jpg",600,500,false],"landscape":["https:\/\/www.d-plus.be\/wp-content\/uploads\/2021\/01\/enzo-news.jpg",600,500,false],"portraits":["https:\/\/www.d-plus.be\/wp-content\/uploads\/2021\/01\/enzo-news.jpg",600,500,false],"thumbnail":["https:\/\/www.d-plus.be\/wp-content\/uploads\/2021\/01\/enzo-news-150x150.jpg",96,96,true],"medium":["https:\/\/www.d-plus.be\/wp-content\/uploads\/2021\/01\/enzo-news-300x250.jpg",300,250,true],"large":["https:\/\/www.d-plus.be\/wp-content\/uploads\/2021\/01\/enzo-news.jpg",600,500,false],"1536x1536":["https:\/\/www.d-plus.be\/wp-content\/uploads\/2021\/01\/enzo-news.jpg",600,500,false],"2048x2048":["https:\/\/www.d-plus.be\/wp-content\/uploads\/2021\/01\/enzo-news.jpg",600,500,false],"et-pb-post-main-image":["https:\/\/www.d-plus.be\/wp-content\/uploads\/2021\/01\/enzo-news.jpg",300,250,false],"et-pb-post-main-image-fullwidth":["https:\/\/www.d-plus.be\/wp-content\/uploads\/2021\/01\/enzo-news.jpg",600,500,false],"et-pb-portfolio-image":["https:\/\/www.d-plus.be\/wp-content\/uploads\/2021\/01\/enzo-news.jpg",341,284,false],"et-pb-portfolio-module-image":["https:\/\/www.d-plus.be\/wp-content\/uploads\/2021\/01\/enzo-news.jpg",458,382,false],"et-pb-portfolio-image-single":["https:\/\/www.d-plus.be\/wp-content\/uploads\/2021\/01\/enzo-news.jpg",600,500,false],"et-pb-gallery-module-image-portrait":["https:\/\/www.d-plus.be\/wp-content\/uploads\/2021\/01\/enzo-news.jpg",400,333,false],"et-pb-post-main-image-fullwidth-large":["https:\/\/www.d-plus.be\/wp-content\/uploads\/2021\/01\/enzo-news.jpg",600,500,false],"et-pb-image--responsive--desktop":["https:\/\/www.d-plus.be\/wp-content\/uploads\/2021\/01\/enzo-news.jpg",600,500,false],"et-pb-image--responsive--tablet":["https:\/\/www.d-plus.be\/wp-content\/uploads\/2021\/01\/enzo-news.jpg",600,500,false],"et-pb-image--responsive--phone":["https:\/\/www.d-plus.be\/wp-content\/uploads\/2021\/01\/enzo-news.jpg",324,270,false]},"rttpg_author":{"display_name":"Victoria","author_link":"https:\/\/www.d-plus.be\/fr\/author\/victoria\/"},"rttpg_comment":0,"rttpg_category":"<a href=\"https:\/\/www.d-plus.be\/fr\/category\/annonces\/\" rel=\"category tag\">Annonces<\/a>","rttpg_excerpt":"Design Plus sp\u00e9cialis\u00e9e en Design & Build renforce son \u00e9quipe avec l\u2019arriv\u00e9e d\u2019un nouveau collaborateur Enzo d'Errico, architecte d\u2019int\u00e9rieur\/ Project Manager. Nous nous r\u00e9jouissons de cette nouvelle collaboration.","_links":{"self":[{"href":"https:\/\/www.d-plus.be\/fr\/wp-json\/wp\/v2\/posts\/4715","targetHints":{"allow":["GET"]}}],"collection":[{"href":"https:\/\/www.d-plus.be\/fr\/wp-json\/wp\/v2\/posts"}],"about":[{"href":"https:\/\/www.d-plus.be\/fr\/wp-json\/wp\/v2\/types\/post"}],"author":[{"embeddable":true,"href":"https:\/\/www.d-plus.be\/fr\/wp-json\/wp\/v2\/users\/1"}],"replies":[{"embeddable":true,"href":"https:\/\/www.d-plus.be\/fr\/wp-json\/wp\/v2\/comments?post=4715"}],"version-history":[{"count":0,"href":"https:\/\/www.d-plus.be\/fr\/wp-json\/wp\/v2\/posts\/4715\/revisions"}],"wp:featuredmedia":[{"embeddable":true,"href":"https:\/\/www.d-plus.be\/fr\/wp-json\/wp\/v2\/media\/5044"}],"wp:attachment":[{"href":"https:\/\/www.d-plus.be\/fr\/wp-json\/wp\/v2\/media?parent=4715"}],"wp:term":[{"taxonomy":"category","embeddable":true,"href":"https:\/\/www.d-plus.be\/fr\/wp-json\/wp\/v2\/categories?post=4715"},{"taxonomy":"post_tag","embeddable":true,"href":"https:\/\/www.d-plus.be\/fr\/wp-json\/wp\/v2\/tags?post=4715"}],"curies":[{"name":"wp","href":"https:\/\/api.w.org\/{rel}","templated":true}]}}