{"id":5472,"date":"2021-04-21T06:58:16","date_gmt":"2021-04-21T06:58:16","guid":{"rendered":"https:\/\/www.design-plus.be\/?p=5472"},"modified":"2022-05-30T07:22:38","modified_gmt":"2022-05-30T07:22:38","slug":"design-plus-renforce-son-equipe-avec-aurore-vande-velde","status":"publish","type":"post","link":"https:\/\/www.d-plus.be\/fr\/design-plus-renforce-son-equipe-avec-aurore-vande-velde\/","title":{"rendered":"Design Plus renforce son \u00e9quipe avec Aurore Vande Velde"},"content":{"rendered":"","protected":false},"excerpt":{"rendered":"<p>Design plus soci\u00e9t\u00e9 sp\u00e9cialis\u00e9e en Design &#038; Build renforce son \u00e9quipe avec l\u2019arriv\u00e9e de Aurore Vande Velde.<br \/>\nAurore a d\u00e9cid\u00e9 de rejoindre notre \u00e9quipe en Project Management.<\/p>\n","protected":false},"author":1,"featured_media":5473,"comment_status":"closed","ping_status":"closed","sticky":false,"template":"","format":"standard","meta":{"_acf_changed":false,"_seopress_robots_primary_cat":"","_seopress_titles_title":"","_seopress_titles_desc":"","_seopress_robots_index":"","_et_pb_use_builder":"","_et_pb_old_content":"","_et_gb_content_width":"","footnotes":""},"categories":[890],"tags":[],"class_list":["post-5472","post","type-post","status-publish","format-standard","has-post-thumbnail","hentry","category-annonces"],"acf":[],"rttpg_featured_image_url":{"full":["https:\/\/www.d-plus.be\/wp-content\/uploads\/2021\/04\/aurore-vandevelde.jpg",600,500,false],"landscape":["https:\/\/www.d-plus.be\/wp-content\/uploads\/2021\/04\/aurore-vandevelde.jpg",600,500,false],"portraits":["https:\/\/www.d-plus.be\/wp-content\/uploads\/2021\/04\/aurore-vandevelde.jpg",600,500,false],"thumbnail":["https:\/\/www.d-plus.be\/wp-content\/uploads\/2021\/04\/aurore-vandevelde-150x150.jpg",96,96,true],"medium":["https:\/\/www.d-plus.be\/wp-content\/uploads\/2021\/04\/aurore-vandevelde-300x250.jpg",300,250,true],"large":["https:\/\/www.d-plus.be\/wp-content\/uploads\/2021\/04\/aurore-vandevelde.jpg",600,500,false],"1536x1536":["https:\/\/www.d-plus.be\/wp-content\/uploads\/2021\/04\/aurore-vandevelde.jpg",600,500,false],"2048x2048":["https:\/\/www.d-plus.be\/wp-content\/uploads\/2021\/04\/aurore-vandevelde.jpg",600,500,false],"et-pb-post-main-image":["https:\/\/www.d-plus.be\/wp-content\/uploads\/2021\/04\/aurore-vandevelde.jpg",300,250,false],"et-pb-post-main-image-fullwidth":["https:\/\/www.d-plus.be\/wp-content\/uploads\/2021\/04\/aurore-vandevelde.jpg",600,500,false],"et-pb-portfolio-image":["https:\/\/www.d-plus.be\/wp-content\/uploads\/2021\/04\/aurore-vandevelde.jpg",341,284,false],"et-pb-portfolio-module-image":["https:\/\/www.d-plus.be\/wp-content\/uploads\/2021\/04\/aurore-vandevelde.jpg",458,382,false],"et-pb-portfolio-image-single":["https:\/\/www.d-plus.be\/wp-content\/uploads\/2021\/04\/aurore-vandevelde.jpg",600,500,false],"et-pb-gallery-module-image-portrait":["https:\/\/www.d-plus.be\/wp-content\/uploads\/2021\/04\/aurore-vandevelde.jpg",400,333,false],"et-pb-post-main-image-fullwidth-large":["https:\/\/www.d-plus.be\/wp-content\/uploads\/2021\/04\/aurore-vandevelde.jpg",600,500,false],"et-pb-image--responsive--desktop":["https:\/\/www.d-plus.be\/wp-content\/uploads\/2021\/04\/aurore-vandevelde.jpg",600,500,false],"et-pb-image--responsive--tablet":["https:\/\/www.d-plus.be\/wp-content\/uploads\/2021\/04\/aurore-vandevelde.jpg",600,500,false],"et-pb-image--responsive--phone":["https:\/\/www.d-plus.be\/wp-content\/uploads\/2021\/04\/aurore-vandevelde.jpg",324,270,false]},"rttpg_author":{"display_name":"Victoria","author_link":"https:\/\/www.d-plus.be\/fr\/author\/victoria\/"},"rttpg_comment":0,"rttpg_category":"<a href=\"https:\/\/www.d-plus.be\/fr\/category\/annonces\/\" rel=\"category tag\">Annonces<\/a>","rttpg_excerpt":"Design plus soci\u00e9t\u00e9 sp\u00e9cialis\u00e9e en Design & Build renforce son \u00e9quipe avec l\u2019arriv\u00e9e de Aurore Vande Velde. Aurore a d\u00e9cid\u00e9 de rejoindre notre \u00e9quipe en Project Management.","_links":{"self":[{"href":"https:\/\/www.d-plus.be\/fr\/wp-json\/wp\/v2\/posts\/5472","targetHints":{"allow":["GET"]}}],"collection":[{"href":"https:\/\/www.d-plus.be\/fr\/wp-json\/wp\/v2\/posts"}],"about":[{"href":"https:\/\/www.d-plus.be\/fr\/wp-json\/wp\/v2\/types\/post"}],"author":[{"embeddable":true,"href":"https:\/\/www.d-plus.be\/fr\/wp-json\/wp\/v2\/users\/1"}],"replies":[{"embeddable":true,"href":"https:\/\/www.d-plus.be\/fr\/wp-json\/wp\/v2\/comments?post=5472"}],"version-history":[{"count":0,"href":"https:\/\/www.d-plus.be\/fr\/wp-json\/wp\/v2\/posts\/5472\/revisions"}],"wp:featuredmedia":[{"embeddable":true,"href":"https:\/\/www.d-plus.be\/fr\/wp-json\/wp\/v2\/media\/5473"}],"wp:attachment":[{"href":"https:\/\/www.d-plus.be\/fr\/wp-json\/wp\/v2\/media?parent=5472"}],"wp:term":[{"taxonomy":"category","embeddable":true,"href":"https:\/\/www.d-plus.be\/fr\/wp-json\/wp\/v2\/categories?post=5472"},{"taxonomy":"post_tag","embeddable":true,"href":"https:\/\/www.d-plus.be\/fr\/wp-json\/wp\/v2\/tags?post=5472"}],"curies":[{"name":"wp","href":"https:\/\/api.w.org\/{rel}","templated":true}]}}