{"id":9106,"date":"2022-06-21T08:23:45","date_gmt":"2022-06-21T08:23:45","guid":{"rendered":"https:\/\/www.design-plus.be\/?p=9106"},"modified":"2022-06-24T08:58:26","modified_gmt":"2022-06-24T08:58:26","slug":"naznin-ladha-rejoint-lequipe-design","status":"publish","type":"post","link":"https:\/\/www.d-plus.be\/fr\/naznin-ladha-rejoint-lequipe-design\/","title":{"rendered":"Naznin Ladha rejoint l\u2019\u00e9quipe Design +"},"content":{"rendered":"","protected":false},"excerpt":{"rendered":"<p>Design Plus renforce son \u00e9quipe avec l&rsquo;arriv\u00e9e de Naznin Ladha Architecte. Apr\u00e8s de nombreuses ann\u00e9es d&rsquo;exp\u00e9rience, Naznin rejoint l&rsquo;\u00e9quipe comme Business Developer. Nous lui souhaitons une tr\u00e8s belle collaboration dans notre \u00e9quipe de cr\u00e9atifs en Design &#038; Build pour l&rsquo;am\u00e9nagement de vos bureaux.<\/p>\n","protected":false},"author":1,"featured_media":9050,"comment_status":"closed","ping_status":"closed","sticky":false,"template":"","format":"standard","meta":{"_acf_changed":false,"_seopress_robots_primary_cat":"","_seopress_titles_title":"","_seopress_titles_desc":"","_seopress_robots_index":"","_et_pb_use_builder":"","_et_pb_old_content":"","_et_gb_content_width":"","footnotes":""},"categories":[890],"tags":[],"class_list":["post-9106","post","type-post","status-publish","format-standard","has-post-thumbnail","hentry","category-annonces"],"acf":[],"rttpg_featured_image_url":{"full":["https:\/\/www.d-plus.be\/wp-content\/uploads\/2022\/06\/Naznin-ladha.jpg",706,706,false],"landscape":["https:\/\/www.d-plus.be\/wp-content\/uploads\/2022\/06\/Naznin-ladha.jpg",706,706,false],"portraits":["https:\/\/www.d-plus.be\/wp-content\/uploads\/2022\/06\/Naznin-ladha.jpg",706,706,false],"thumbnail":["https:\/\/www.d-plus.be\/wp-content\/uploads\/2022\/06\/Naznin-ladha-150x150.jpg",96,96,true],"medium":["https:\/\/www.d-plus.be\/wp-content\/uploads\/2022\/06\/Naznin-ladha-300x300.jpg",300,300,true],"large":["https:\/\/www.d-plus.be\/wp-content\/uploads\/2022\/06\/Naznin-ladha.jpg",706,706,false],"1536x1536":["https:\/\/www.d-plus.be\/wp-content\/uploads\/2022\/06\/Naznin-ladha.jpg",706,706,false],"2048x2048":["https:\/\/www.d-plus.be\/wp-content\/uploads\/2022\/06\/Naznin-ladha.jpg",706,706,false],"et-pb-post-main-image":["https:\/\/www.d-plus.be\/wp-content\/uploads\/2022\/06\/Naznin-ladha-400x250.jpg",400,250,true],"et-pb-post-main-image-fullwidth":["https:\/\/www.d-plus.be\/wp-content\/uploads\/2022\/06\/Naznin-ladha-706x675.jpg",706,675,true],"et-pb-portfolio-image":["https:\/\/www.d-plus.be\/wp-content\/uploads\/2022\/06\/Naznin-ladha-400x284.jpg",400,284,true],"et-pb-portfolio-module-image":["https:\/\/www.d-plus.be\/wp-content\/uploads\/2022\/06\/Naznin-ladha-510x382.jpg",510,382,true],"et-pb-portfolio-image-single":["https:\/\/www.d-plus.be\/wp-content\/uploads\/2022\/06\/Naznin-ladha.jpg",706,706,false],"et-pb-gallery-module-image-portrait":["https:\/\/www.d-plus.be\/wp-content\/uploads\/2022\/06\/Naznin-ladha-400x516.jpg",400,516,true],"et-pb-post-main-image-fullwidth-large":["https:\/\/www.d-plus.be\/wp-content\/uploads\/2022\/06\/Naznin-ladha.jpg",706,706,false],"et-pb-image--responsive--desktop":["https:\/\/www.d-plus.be\/wp-content\/uploads\/2022\/06\/Naznin-ladha.jpg",706,706,false],"et-pb-image--responsive--tablet":["https:\/\/www.d-plus.be\/wp-content\/uploads\/2022\/06\/Naznin-ladha.jpg",551,551,false],"et-pb-image--responsive--phone":["https:\/\/www.d-plus.be\/wp-content\/uploads\/2022\/06\/Naznin-ladha-480x480.jpg",270,270,true]},"rttpg_author":{"display_name":"Victoria","author_link":"https:\/\/www.d-plus.be\/fr\/author\/victoria\/"},"rttpg_comment":0,"rttpg_category":"<a href=\"https:\/\/www.d-plus.be\/fr\/category\/annonces\/\" rel=\"category tag\">Annonces<\/a>","rttpg_excerpt":"Design Plus renforce son \u00e9quipe avec l'arriv\u00e9e de Naznin Ladha Architecte. Apr\u00e8s de nombreuses ann\u00e9es d'exp\u00e9rience, Naznin rejoint l'\u00e9quipe comme Business Developer. Nous lui souhaitons une tr\u00e8s belle collaboration dans notre \u00e9quipe de cr\u00e9atifs en Design & Build pour l'am\u00e9nagement de vos bureaux.","_links":{"self":[{"href":"https:\/\/www.d-plus.be\/fr\/wp-json\/wp\/v2\/posts\/9106","targetHints":{"allow":["GET"]}}],"collection":[{"href":"https:\/\/www.d-plus.be\/fr\/wp-json\/wp\/v2\/posts"}],"about":[{"href":"https:\/\/www.d-plus.be\/fr\/wp-json\/wp\/v2\/types\/post"}],"author":[{"embeddable":true,"href":"https:\/\/www.d-plus.be\/fr\/wp-json\/wp\/v2\/users\/1"}],"replies":[{"embeddable":true,"href":"https:\/\/www.d-plus.be\/fr\/wp-json\/wp\/v2\/comments?post=9106"}],"version-history":[{"count":5,"href":"https:\/\/www.d-plus.be\/fr\/wp-json\/wp\/v2\/posts\/9106\/revisions"}],"predecessor-version":[{"id":9237,"href":"https:\/\/www.d-plus.be\/fr\/wp-json\/wp\/v2\/posts\/9106\/revisions\/9237"}],"wp:featuredmedia":[{"embeddable":true,"href":"https:\/\/www.d-plus.be\/fr\/wp-json\/wp\/v2\/media\/9050"}],"wp:attachment":[{"href":"https:\/\/www.d-plus.be\/fr\/wp-json\/wp\/v2\/media?parent=9106"}],"wp:term":[{"taxonomy":"category","embeddable":true,"href":"https:\/\/www.d-plus.be\/fr\/wp-json\/wp\/v2\/categories?post=9106"},{"taxonomy":"post_tag","embeddable":true,"href":"https:\/\/www.d-plus.be\/fr\/wp-json\/wp\/v2\/tags?post=9106"}],"curies":[{"name":"wp","href":"https:\/\/api.w.org\/{rel}","templated":true}]}}